{"id":1,"date":"2016-07-14T14:29:05","date_gmt":"2016-07-14T14:29:05","guid":{"rendered":"https:\/\/elchiringuitoibiza.com.mialias.net\/?p=1"},"modified":"2023-05-24T16:15:24","modified_gmt":"2023-05-24T14:15:24","slug":"interview-jerome-palayer","status":"publish","type":"post","link":"https:\/\/elchiringuitoibiza.com\/es\/2016\/07\/14\/interview-jerome-palayer\/","title":{"rendered":"Interview: J\u00e8rome Palayer"},"content":{"rendered":"<p>Head chef J\u00e8rome Palayer stands at the passe bent over a tray of succulent tuna steaks, inspecting each one as a master jeweller might scrutinise a precious gem. Each summer he brings this exacting methodology to every plate that makes its way from the kitchen to the tables and sunbeds of El Chiringuito. Behind him his loyal kitchen team move between steaming pots and fiery ovens in a harmony of unspoken words, seemingly communicating via telepathy. This is no red-hot kitchen full of egocentric prima donnas. It&#8217;s a smooth machine with one goal &#8211; to create a beautiful experience.<\/p>\n<p>J\u00e8rome&#8217;s kind face, warm eyes and broad shoulders emit the reassuring wisdom of a man who knows how to wield a knife. Originally from Roman sur Is\u00e8re in the south of Lyon, he started his career as a teenager with some of the top chefs the world has seen. He is the master of his kitchen; ruling with a gentle yet firm temperament, highly regarded amongst his peers and staff yet quick to shine the light on others. Here he talks food, origins and what makes him tick.<\/p>\n<p><img loading=\"lazy\" decoding=\"async\" class=\"alignnone size-full wp-image-290\" src=\"https:\/\/elchiringuitoibiza.com\/wp-content\/uploads\/el-chiringuito-chef-jerome-palayer-4.jpg\" alt=\"\" width=\"1024\" height=\"683\" srcset=\"https:\/\/elchiringuitoibiza.com\/wp-content\/uploads\/el-chiringuito-chef-jerome-palayer-4.jpg 1024w, https:\/\/elchiringuitoibiza.com\/wp-content\/uploads\/el-chiringuito-chef-jerome-palayer-4-300x200.jpg 300w, https:\/\/elchiringuitoibiza.com\/wp-content\/uploads\/el-chiringuito-chef-jerome-palayer-4-705x470.jpg 705w, https:\/\/elchiringuitoibiza.com\/wp-content\/uploads\/el-chiringuito-chef-jerome-palayer-4-450x300.jpg 450w\" sizes=\"auto, (max-width: 1024px) 100vw, 1024px\" \/><\/p>\n<p><strong>What brought you to Ibiza and El Chiringuito?<\/strong><\/p>\n<p>I&#8217;ve known Olivia [Fleury] for many years. We worked together before. I set up a restaurant in Palma called La Poule Tocque\u00e9e then I came here to work with Olivia. I love Ibiza and El Chiringuito. It&#8217;s a pleasure to come here everyday.<\/p>\n<p><strong>How did you come to be a chef?<\/strong><\/p>\n<p>I started cooking at four years of age. My grandmother had nine children and she was always cooking, everything from scratch. As a child, my grandfather took me out to eat in fine restaurants. So, when I was really little I saw the life of the cook and from that point I loved it. I started working at 15. At that time you would work three weeks in a restaurant and spend one week at school. It&#8217;s the best way to learn. My first job was in a two Michelin star restaurant, I worked with Pierre Gagnaire at St. Etienne in Lyon, at Hotel Negresco in Nice&#8230; it was very good training.<\/p>\n<p><strong>Are there any dishes from your childhood that invoke nostalgia?<\/strong><\/p>\n<p>There is a country chicken dish that is typical of my city, its called po\u00eal\u00e9e de tr\u00e9vise in French. That dish is&#8230; when I talk of it I can taste it, it comes right back to me. I made it here one year when we had a big party; it&#8217;s like an homage to my grandmother.<\/p>\n<p><img loading=\"lazy\" decoding=\"async\" class=\"alignnone size-full wp-image-288\" src=\"https:\/\/elchiringuitoibiza.com\/wp-content\/uploads\/el-chiringuito-chef-jerome-palayer-2.jpg\" alt=\"\" width=\"1024\" height=\"683\" srcset=\"https:\/\/elchiringuitoibiza.com\/wp-content\/uploads\/el-chiringuito-chef-jerome-palayer-2.jpg 1024w, https:\/\/elchiringuitoibiza.com\/wp-content\/uploads\/el-chiringuito-chef-jerome-palayer-2-300x200.jpg 300w, https:\/\/elchiringuitoibiza.com\/wp-content\/uploads\/el-chiringuito-chef-jerome-palayer-2-705x470.jpg 705w, https:\/\/elchiringuitoibiza.com\/wp-content\/uploads\/el-chiringuito-chef-jerome-palayer-2-450x300.jpg 450w\" sizes=\"auto, (max-width: 1024px) 100vw, 1024px\" \/><\/p>\n<p><strong>What is your kitchen philosophy?<\/strong><\/p>\n<p>The hardest thing is to keep things simple and pure. We have a lot of respect for each other, for the food and that makes it easier. Every dish that goes out has to be something that I want to eat myself. You have to respect the dining room, the staff. It&#8217;s the details: from the flowers on the tables to the cleaners. All those things make the experience. Nothing complicated but always the best quality.<\/p>\n<p><strong>Tell us about your team.<\/strong><\/p>\n<p>There are 24 people in the kitchen. We are so lucky here at El Chiringuito \u2013 it&#8217;s a pleasure to work here, which makes it a pleasure for the customers too. The best tool I have is my team. I am a bit manic sometimes; there are two or three things in the kitchen I obsess over. But I have a base team that have been with me for five years. Each chef has their own style; I like to hear their ideas. I have so much trust in them and it&#8217;s mutual. It makes it easy to be here, to get good results.<\/p>\n<p><strong>How has Ibiza influenced your style of cooking?<\/strong><\/p>\n<p>Each place has its own flavour. I love Mediterranean cooking, and here we are in the centre of it. It\u2019s a true pleasure to cook here.<\/p>\n<p><strong>Is there any local produce that really excites you?<\/strong><\/p>\n<p>The fig season here is the best. I have a friend who lives in the centre of the island who has about 500 fig trees of all kinds, from all over, and when the Ibiza figs come in, I love it. There is lots of wonderful produce here, the potatoes are amazing, the tomatoes are amazing \u2013 it&#8217;s incredible how good they are.<\/p>\n<p><img loading=\"lazy\" decoding=\"async\" class=\"alignnone size-full wp-image-289\" src=\"https:\/\/elchiringuitoibiza.com\/wp-content\/uploads\/el-chiringuito-chef-jerome-palayer-3.jpg\" alt=\"\" width=\"1024\" height=\"683\" srcset=\"https:\/\/elchiringuitoibiza.com\/wp-content\/uploads\/el-chiringuito-chef-jerome-palayer-3.jpg 1024w, https:\/\/elchiringuitoibiza.com\/wp-content\/uploads\/el-chiringuito-chef-jerome-palayer-3-300x200.jpg 300w, https:\/\/elchiringuitoibiza.com\/wp-content\/uploads\/el-chiringuito-chef-jerome-palayer-3-705x470.jpg 705w, https:\/\/elchiringuitoibiza.com\/wp-content\/uploads\/el-chiringuito-chef-jerome-palayer-3-450x300.jpg 450w\" sizes=\"auto, (max-width: 1024px) 100vw, 1024px\" \/><\/p>\n<p><strong>What&#8217;s new this season at El Chiringuito?<\/strong><\/p>\n<p>This year we changed the menu quite a bit. We&#8217;ve added fourteen new dishes. We have some new sharing dishes, Chiringuito Antipasti, marinated anchovies, a Nebraska Black Angus for two&#8230; we have very loyal clients that come every year and we wanted to give them a few new things.<\/p>\n<p><strong>If you could go back in time and give advice to your younger self what would you say?<\/strong><\/p>\n<p>I would tell my younger self not to change jobs. It was the best decision for me! But I would advise him to take a little more time for the family. To try and find a balance, although it\u2019s hard. Nowadays it&#8217;s good. I don&#8217;t work in winter anymore. I get to rest, to recharge myself. I have a house in Palma, I split my time between here and there.<\/p>\n<p><strong>What do you do when you are not working?<\/strong><\/p>\n<p>Every night I go out and eat somewhere different. In the end, I am very simple. There&#8217;s a tiny restaurant run by a local Ibicenco guy, and he makes me a few small dishes, rabbit, country chicken, salad. Very simple and very good. Or I&#8217;ll often go to BEACHOUSE to see what Sebastian [Altimari, head chef] is up to. I am very easy to cook for. You can give me a baked potato with a fresh salad and I am the happiest man in the world. I have a wide taste; I like to travel, to see what is happening elsewhere. Every country has something amazing to eat.<\/p>\n<p><img loading=\"lazy\" decoding=\"async\" class=\"alignnone size-full wp-image-291\" src=\"https:\/\/elchiringuitoibiza.com\/wp-content\/uploads\/el-chiringuito-chef-jerome-palayer-5.jpg\" alt=\"\" width=\"1024\" height=\"683\" srcset=\"https:\/\/elchiringuitoibiza.com\/wp-content\/uploads\/el-chiringuito-chef-jerome-palayer-5.jpg 1024w, https:\/\/elchiringuitoibiza.com\/wp-content\/uploads\/el-chiringuito-chef-jerome-palayer-5-300x200.jpg 300w, https:\/\/elchiringuitoibiza.com\/wp-content\/uploads\/el-chiringuito-chef-jerome-palayer-5-705x470.jpg 705w, https:\/\/elchiringuitoibiza.com\/wp-content\/uploads\/el-chiringuito-chef-jerome-palayer-5-450x300.jpg 450w\" sizes=\"auto, (max-width: 1024px) 100vw, 1024px\" \/><\/p>\n","protected":false},"excerpt":{"rendered":"<p>Each summer, head chef J\u00e8rome Palayer brings his exacting methodology to every plate that makes its way from the kitchen to the tables and sunbeds of El Chiringuito.<\/p>\n","protected":false},"author":1,"featured_media":292,"comment_status":"open","ping_status":"open","sticky":false,"template":"","format":"standard","meta":{"footnotes":""},"categories":[8,3],"tags":[],"class_list":["post-1","post","type-post","status-publish","format-standard","has-post-thumbnail","hentry","category-ibiza","category-interview"],"acf":[],"yoast_head":"<!-- This site is optimized with the Yoast SEO plugin v24.0 - https:\/\/yoast.com\/wordpress\/plugins\/seo\/ -->\n<title>Interview: J\u00e8rome Palayer - El Chiringuito Ibiza<\/title>\n<meta name=\"robots\" content=\"index, follow, max-snippet:-1, max-image-preview:large, max-video-preview:-1\" \/>\n<link rel=\"canonical\" href=\"https:\/\/elchiringuitoibiza.com\/es\/2016\/07\/14\/interview-jerome-palayer\/\" \/>\n<meta property=\"og:locale\" content=\"es_ES\" \/>\n<meta property=\"og:type\" content=\"article\" \/>\n<meta property=\"og:title\" content=\"Interview: J\u00e8rome Palayer - El Chiringuito Ibiza\" \/>\n<meta property=\"og:description\" content=\"Each summer, head chef J\u00e8rome Palayer brings his exacting methodology to every plate that makes its way from the kitchen to the tables and sunbeds of El Chiringuito.\" \/>\n<meta property=\"og:url\" content=\"https:\/\/elchiringuitoibiza.com\/es\/2016\/07\/14\/interview-jerome-palayer\/\" \/>\n<meta property=\"og:site_name\" content=\"El Chiringuito Ibiza\" \/>\n<meta property=\"article:published_time\" content=\"2016-07-14T14:29:05+00:00\" \/>\n<meta property=\"article:modified_time\" content=\"2023-05-24T14:15:24+00:00\" \/>\n<meta property=\"og:image\" content=\"https:\/\/elchiringuitoibiza.com\/wp-content\/uploads\/el-chiringuito-chef-jerome-palayer.jpg\" \/>\n\t<meta property=\"og:image:width\" content=\"1024\" \/>\n\t<meta property=\"og:image:height\" content=\"683\" \/>\n\t<meta property=\"og:image:type\" content=\"image\/jpeg\" \/>\n<meta name=\"author\" content=\"admin\" \/>\n<meta name=\"twitter:card\" content=\"summary_large_image\" \/>\n<meta name=\"twitter:label1\" content=\"Escrito por\" \/>\n\t<meta name=\"twitter:data1\" content=\"admin\" \/>\n\t<meta name=\"twitter:label2\" content=\"Tiempo de lectura\" \/>\n\t<meta name=\"twitter:data2\" content=\"5 minutos\" \/>\n<script type=\"application\/ld+json\" class=\"yoast-schema-graph\">{\"@context\":\"https:\/\/schema.org\",\"@graph\":[{\"@type\":\"WebPage\",\"@id\":\"https:\/\/elchiringuitoibiza.com\/es\/2016\/07\/14\/interview-jerome-palayer\/\",\"url\":\"https:\/\/elchiringuitoibiza.com\/es\/2016\/07\/14\/interview-jerome-palayer\/\",\"name\":\"Interview: J\u00e8rome Palayer - El Chiringuito Ibiza\",\"isPartOf\":{\"@id\":\"https:\/\/elchiringuitoibiza.com\/es\/#website\"},\"primaryImageOfPage\":{\"@id\":\"https:\/\/elchiringuitoibiza.com\/es\/2016\/07\/14\/interview-jerome-palayer\/#primaryimage\"},\"image\":{\"@id\":\"https:\/\/elchiringuitoibiza.com\/2016\/07\/14\/interview-jerome-palayer\/#primaryimage\"},\"thumbnailUrl\":\"https:\/\/elchiringuitoibiza.com\/wp-content\/uploads\/el-chiringuito-chef-jerome-palayer.jpg\",\"datePublished\":\"2016-07-14T14:29:05+00:00\",\"dateModified\":\"2023-05-24T14:15:24+00:00\",\"author\":{\"@id\":\"https:\/\/elchiringuitoibiza.com\/es\/#\/schema\/person\/c974de34736da1c7064cca8e8a228156\"},\"breadcrumb\":{\"@id\":\"https:\/\/elchiringuitoibiza.com\/es\/2016\/07\/14\/interview-jerome-palayer\/#breadcrumb\"},\"inLanguage\":\"es\",\"potentialAction\":[{\"@type\":\"ReadAction\",\"target\":[[\"https:\/\/elchiringuitoibiza.com\/es\/2016\/07\/14\/interview-jerome-palayer\/\"]]}]},{\"@type\":\"ImageObject\",\"inLanguage\":\"es\",\"@id\":\"https:\/\/elchiringuitoibiza.com\/es\/2016\/07\/14\/interview-jerome-palayer\/#primaryimage\",\"url\":\"https:\/\/elchiringuitoibiza.com\/wp-content\/uploads\/el-chiringuito-chef-jerome-palayer.jpg\",\"contentUrl\":\"https:\/\/elchiringuitoibiza.com\/wp-content\/uploads\/el-chiringuito-chef-jerome-palayer.jpg\",\"width\":1024,\"height\":683},{\"@type\":\"BreadcrumbList\",\"@id\":\"https:\/\/elchiringuitoibiza.com\/es\/2016\/07\/14\/interview-jerome-palayer\/#breadcrumb\",\"itemListElement\":[{\"@type\":\"ListItem\",\"position\":1,\"name\":\"Home\",\"item\":\"https:\/\/elchiringuitoibiza.com\/es\/\"},{\"@type\":\"ListItem\",\"position\":2,\"name\":\"Interview: J\u00e8rome Palayer\"}]},{\"@type\":\"WebSite\",\"@id\":\"https:\/\/elchiringuitoibiza.com\/es\/#website\",\"url\":\"https:\/\/elchiringuitoibiza.com\/es\/\",\"name\":\"El Chiringuito Ibiza\",\"description\":\"Simple . Honest . Good\",\"potentialAction\":[{\"@type\":\"SearchAction\",\"target\":{\"@type\":\"EntryPoint\",\"urlTemplate\":\"https:\/\/elchiringuitoibiza.com\/es\/?s={search_term_string}\"},\"query-input\":{\"@type\":\"PropertyValueSpecification\",\"valueRequired\":true,\"valueName\":\"search_term_string\"}}],\"inLanguage\":\"es\"},{\"@type\":\"Person\",\"@id\":\"https:\/\/elchiringuitoibiza.com\/es\/#\/schema\/person\/c974de34736da1c7064cca8e8a228156\",\"name\":\"admin\",\"url\":\"https:\/\/elchiringuitoibiza.com\/es\/author\/admin\/\"}]}<\/script>\n<!-- \/ Yoast SEO plugin. -->","yoast_head_json":{"title":"Interview: J\u00e8rome Palayer - El Chiringuito Ibiza","robots":{"index":"index","follow":"follow","max-snippet":"max-snippet:-1","max-image-preview":"max-image-preview:large","max-video-preview":"max-video-preview:-1"},"canonical":"https:\/\/elchiringuitoibiza.com\/es\/2016\/07\/14\/interview-jerome-palayer\/","og_locale":"es_ES","og_type":"article","og_title":"Interview: J\u00e8rome Palayer - El Chiringuito Ibiza","og_description":"Each summer, head chef J\u00e8rome Palayer brings his exacting methodology to every plate that makes its way from the kitchen to the tables and sunbeds of El Chiringuito.","og_url":"https:\/\/elchiringuitoibiza.com\/es\/2016\/07\/14\/interview-jerome-palayer\/","og_site_name":"El Chiringuito Ibiza","article_published_time":"2016-07-14T14:29:05+00:00","article_modified_time":"2023-05-24T14:15:24+00:00","og_image":[{"width":1024,"height":683,"url":"https:\/\/elchiringuitoibiza.com\/wp-content\/uploads\/el-chiringuito-chef-jerome-palayer.jpg","type":"image\/jpeg"}],"author":"admin","twitter_card":"summary_large_image","twitter_misc":{"Escrito por":"admin","Tiempo de lectura":"5 minutos"},"schema":{"@context":"https:\/\/schema.org","@graph":[{"@type":"WebPage","@id":"https:\/\/elchiringuitoibiza.com\/es\/2016\/07\/14\/interview-jerome-palayer\/","url":"https:\/\/elchiringuitoibiza.com\/es\/2016\/07\/14\/interview-jerome-palayer\/","name":"Interview: J\u00e8rome Palayer - El Chiringuito Ibiza","isPartOf":{"@id":"https:\/\/elchiringuitoibiza.com\/es\/#website"},"primaryImageOfPage":{"@id":"https:\/\/elchiringuitoibiza.com\/es\/2016\/07\/14\/interview-jerome-palayer\/#primaryimage"},"image":{"@id":"https:\/\/elchiringuitoibiza.com\/2016\/07\/14\/interview-jerome-palayer\/#primaryimage"},"thumbnailUrl":"https:\/\/elchiringuitoibiza.com\/wp-content\/uploads\/el-chiringuito-chef-jerome-palayer.jpg","datePublished":"2016-07-14T14:29:05+00:00","dateModified":"2023-05-24T14:15:24+00:00","author":{"@id":"https:\/\/elchiringuitoibiza.com\/es\/#\/schema\/person\/c974de34736da1c7064cca8e8a228156"},"breadcrumb":{"@id":"https:\/\/elchiringuitoibiza.com\/es\/2016\/07\/14\/interview-jerome-palayer\/#breadcrumb"},"inLanguage":"es","potentialAction":[{"@type":"ReadAction","target":[["https:\/\/elchiringuitoibiza.com\/es\/2016\/07\/14\/interview-jerome-palayer\/"]]}]},{"@type":"ImageObject","inLanguage":"es","@id":"https:\/\/elchiringuitoibiza.com\/es\/2016\/07\/14\/interview-jerome-palayer\/#primaryimage","url":"https:\/\/elchiringuitoibiza.com\/wp-content\/uploads\/el-chiringuito-chef-jerome-palayer.jpg","contentUrl":"https:\/\/elchiringuitoibiza.com\/wp-content\/uploads\/el-chiringuito-chef-jerome-palayer.jpg","width":1024,"height":683},{"@type":"BreadcrumbList","@id":"https:\/\/elchiringuitoibiza.com\/es\/2016\/07\/14\/interview-jerome-palayer\/#breadcrumb","itemListElement":[{"@type":"ListItem","position":1,"name":"Home","item":"https:\/\/elchiringuitoibiza.com\/es\/"},{"@type":"ListItem","position":2,"name":"Interview: J\u00e8rome Palayer"}]},{"@type":"WebSite","@id":"https:\/\/elchiringuitoibiza.com\/es\/#website","url":"https:\/\/elchiringuitoibiza.com\/es\/","name":"El Chiringuito Ibiza","description":"Simple . Honest . Good","potentialAction":[{"@type":"SearchAction","target":{"@type":"EntryPoint","urlTemplate":"https:\/\/elchiringuitoibiza.com\/es\/?s={search_term_string}"},"query-input":{"@type":"PropertyValueSpecification","valueRequired":true,"valueName":"search_term_string"}}],"inLanguage":"es"},{"@type":"Person","@id":"https:\/\/elchiringuitoibiza.com\/es\/#\/schema\/person\/c974de34736da1c7064cca8e8a228156","name":"admin","url":"https:\/\/elchiringuitoibiza.com\/es\/author\/admin\/"}]}},"_links":{"self":[{"href":"https:\/\/elchiringuitoibiza.com\/es\/wp-json\/wp\/v2\/posts\/1","targetHints":{"allow":["GET"]}}],"collection":[{"href":"https:\/\/elchiringuitoibiza.com\/es\/wp-json\/wp\/v2\/posts"}],"about":[{"href":"https:\/\/elchiringuitoibiza.com\/es\/wp-json\/wp\/v2\/types\/post"}],"author":[{"embeddable":true,"href":"https:\/\/elchiringuitoibiza.com\/es\/wp-json\/wp\/v2\/users\/1"}],"replies":[{"embeddable":true,"href":"https:\/\/elchiringuitoibiza.com\/es\/wp-json\/wp\/v2\/comments?post=1"}],"version-history":[{"count":5,"href":"https:\/\/elchiringuitoibiza.com\/es\/wp-json\/wp\/v2\/posts\/1\/revisions"}],"predecessor-version":[{"id":2930,"href":"https:\/\/elchiringuitoibiza.com\/es\/wp-json\/wp\/v2\/posts\/1\/revisions\/2930"}],"wp:featuredmedia":[{"embeddable":true,"href":"https:\/\/elchiringuitoibiza.com\/es\/wp-json\/wp\/v2\/media\/292"}],"wp:attachment":[{"href":"https:\/\/elchiringuitoibiza.com\/es\/wp-json\/wp\/v2\/media?parent=1"}],"wp:term":[{"taxonomy":"category","embeddable":true,"href":"https:\/\/elchiringuitoibiza.com\/es\/wp-json\/wp\/v2\/categories?post=1"},{"taxonomy":"post_tag","embeddable":true,"href":"https:\/\/elchiringuitoibiza.com\/es\/wp-json\/wp\/v2\/tags?post=1"}],"curies":[{"name":"wp","href":"https:\/\/api.w.org\/{rel}","templated":true}]}}